{"id":11729,"date":"2020-04-01T12:57:00","date_gmt":"2020-04-01T12:57:00","guid":{"rendered":"https:\/\/dev.platform24.com\/?p=11729"},"modified":"2023-12-21T13:00:31","modified_gmt":"2023-12-21T13:00:31","slug":"digital-halsa-regioner-patagligt-avlastade-av-digital-coronamottagning","status":"publish","type":"post","link":"https:\/\/dev.platform24.com\/sv\/blog\/2020\/04\/01\/digital-halsa-regioner-patagligt-avlastade-av-digital-coronamottagning\/","title":{"rendered":"Digital H\u00e4lsa: Regioner \u201dp\u00e5tagligt\u201d avlastade av digital coronamottagning"},"content":{"rendered":"\n<p><strong>\u2013 V\u00e5r dataanalys visar att v\u00e5rt digitala triageringsverktyg ger p\u00e5taglig avlastning f\u00f6r v\u00e5rdpersonalen och \u00f6kad tillg\u00e4nglighet till medicinsk information och v\u00e5rd f\u00f6r patienterna, s\u00e4ger Sara Dannborg, kommunikationschef p\u00e5 Platform24, till Digital H\u00e4lsa.<\/strong><\/p>\n\n\n\n<p>Det \u00e4r uppgifter som vidimeras av Ida Kedling, verksamhetsutvecklare i Region G\u00e4vleborg, n\u00e4r det g\u00e4ller regionen d\u00e4r hon arbetar.<strong> \u201dDet \u00e4r h\u00f6g belastning p\u00e5 v\u00e5rden nu, men med den digitala ing\u00e5ngen kan vi \u00f6ka tillg\u00e4ngligheten och patienterna prioriteras redan i k\u00f6n efter hur sv\u00e5ra besv\u00e4r de har. \u00c4ven h\u00f6rselskadade kan enkelt f\u00e5 hj\u00e4lp den h\u00e4r v\u00e4gen\u201d<\/strong>, s\u00e4ger Ida Kedling.<\/p>\n\n\n\n<p>Den webbaserade coronamottagningen ing\u00e5r i ett koncept med s\u00e5 kallad samlad digital ing\u00e5ng till v\u00e5rden. Den v\u00e5rds\u00f6kande loggar in via Bank-id och f\u00e5r svara p\u00e5 automatiskt skapade fr\u00e5gor enligt medicinska protokoll och guidas sedan till relevant v\u00e5rdniv\u00e5. Den v\u00e5rds\u00f6kande erbjuds egenv\u00e5rdsr\u00e5d och information om sitt besv\u00e4r. Bland alternativen finns \u00e4ven chattsamtal i form av ett journalf\u00f6rt v\u00e5rdm\u00f6te online med sjuksk\u00f6terska eller l\u00e4kare, samt h\u00e4nvisning till 112. Det finns f\u00f6r n\u00e4rvarande ett stort intresse f\u00f6r Platform24:s tj\u00e4nst. \u2013 Flera regioner kommer under april m\u00e5nad att implementera digital ing\u00e5ng till v\u00e5rden och den integrerade coronamottagningen, s\u00e4ger Sara Dannborg.<\/p>\n","protected":false},"excerpt":{"rendered":"<p>Digital H\u00e4lsa skriver om tidiga resultat f\u00f6r v\u00e5r coronamottagning:<br \/>\nPlatform24 har analyserat datan fr\u00e5n de f\u00f6rsta veckornas anv\u00e4ndning av den l\u00f6sning f\u00f6r triagering av patienter med befarade coronasymtom som h\u00e4lsoteknikf\u00f6retaget levererat till h\u00e4lso- och sjukv\u00e5rden i de tre regionerna Norrbotten, G\u00e4vleborg och J\u00e4mtland H\u00e4rjedalen.<\/p>\n","protected":false},"author":1,"featured_media":11730,"comment_status":"closed","ping_status":"open","sticky":false,"template":"","format":"standard","meta":{"_acf_changed":false,"_coblocks_attr":"","_coblocks_dimensions":"","_coblocks_responsive_height":"","_coblocks_accordion_ie_support":"","_EventAllDay":false,"_EventTimezone":"","_EventStartDate":"","_EventEndDate":"","_EventStartDateUTC":"","_EventEndDateUTC":"","_EventShowMap":false,"_EventShowMapLink":false,"_EventURL":"","_EventCost":"","_EventCostDescription":"","_EventCurrencySymbol":"","_EventCurrencyCode":"","_EventCurrencyPosition":"","_EventDateTimeSeparator":"","_EventTimeRangeSeparator":"","_EventOrganizerID":[],"_EventVenueID":[],"_OrganizerEmail":"","_OrganizerPhone":"","_OrganizerWebsite":"","_VenueAddress":"","_VenueCity":"","_VenueCountry":"","_VenueProvince":"","_VenueState":"","_VenueZip":"","_VenuePhone":"","_VenueURL":"","_VenueStateProvince":"","_VenueLat":"","_VenueLng":"","_VenueShowMap":false,"_VenueShowMapLink":false,"footnotes":""},"categories":[65],"tags":[176],"class_list":["post-11729","post","type-post","status-publish","format-standard","has-post-thumbnail","hentry","category-okategoriserad","tag-i-media"],"acf":[],"yoast_head":"<!-- This site is optimized with the Yoast SEO plugin v23.0 - https:\/\/yoast.com\/wordpress\/plugins\/seo\/ -->\n<title>Digital H\u00e4lsa: Regioner \u201dp\u00e5tagligt\u201d avlastade av digital coronamottagning - Platform24<\/title>\n<meta name=\"robots\" content=\"noindex, follow, max-snippet:-1, max-image-preview:large, max-video-preview:-1\" \/>\n<meta property=\"og:locale\" content=\"sv_SE\" \/>\n<meta property=\"og:type\" content=\"article\" \/>\n<meta property=\"og:title\" content=\"Digital H\u00e4lsa: Regioner \u201dp\u00e5tagligt\u201d avlastade av digital coronamottagning - Platform24\" \/>\n<meta property=\"og:description\" content=\"Digital H\u00e4lsa skriver om tidiga resultat f\u00f6r v\u00e5r coronamottagning: Platform24 har analyserat datan fr\u00e5n de f\u00f6rsta veckornas anv\u00e4ndning av den l\u00f6sning f\u00f6r triagering av patienter med befarade coronasymtom som h\u00e4lsoteknikf\u00f6retaget levererat till h\u00e4lso- och sjukv\u00e5rden i de tre regionerna Norrbotten, G\u00e4vleborg och J\u00e4mtland H\u00e4rjedalen.\" \/>\n<meta property=\"og:url\" content=\"https:\/\/dev.platform24.com\/sv\/blog\/2020\/04\/01\/digital-halsa-regioner-patagligt-avlastade-av-digital-coronamottagning\/\" \/>\n<meta property=\"og:site_name\" content=\"Platform24\" \/>\n<meta property=\"article:published_time\" content=\"2020-04-01T12:57:00+00:00\" \/>\n<meta property=\"article:modified_time\" content=\"2023-12-21T13:00:31+00:00\" \/>\n<meta property=\"og:image\" content=\"https:\/\/dev.platform24.com\/wp-content\/uploads\/2023\/12\/sara-dannborg.webp\" \/>\n\t<meta property=\"og:image:width\" content=\"2048\" \/>\n\t<meta property=\"og:image:height\" content=\"1367\" \/>\n\t<meta property=\"og:image:type\" content=\"image\/webp\" \/>\n<meta name=\"author\" content=\"jonashornblad\" \/>\n<meta name=\"twitter:card\" content=\"summary_large_image\" \/>\n<meta name=\"twitter:label1\" content=\"Skriven av\" \/>\n\t<meta name=\"twitter:data1\" content=\"jonashornblad\" \/>\n\t<meta name=\"twitter:label2\" content=\"Ber\u00e4knad l\u00e4stid\" \/>\n\t<meta name=\"twitter:data2\" content=\"2 minuter\" \/>\n<script type=\"application\/ld+json\" class=\"yoast-schema-graph\">{\"@context\":\"https:\/\/schema.org\",\"@graph\":[{\"@type\":\"WebPage\",\"@id\":\"https:\/\/dev.platform24.com\/sv\/blog\/2020\/04\/01\/digital-halsa-regioner-patagligt-avlastade-av-digital-coronamottagning\/\",\"url\":\"https:\/\/dev.platform24.com\/sv\/blog\/2020\/04\/01\/digital-halsa-regioner-patagligt-avlastade-av-digital-coronamottagning\/\",\"name\":\"Digital H\u00e4lsa: Regioner \u201dp\u00e5tagligt\u201d avlastade av digital coronamottagning - Platform24\",\"isPartOf\":{\"@id\":\"https:\/\/dev.platform24.com\/sv\/#website\"},\"primaryImageOfPage\":{\"@id\":\"https:\/\/dev.platform24.com\/sv\/blog\/2020\/04\/01\/digital-halsa-regioner-patagligt-avlastade-av-digital-coronamottagning\/#primaryimage\"},\"image\":{\"@id\":\"https:\/\/dev.platform24.com\/sv\/blog\/2020\/04\/01\/digital-halsa-regioner-patagligt-avlastade-av-digital-coronamottagning\/#primaryimage\"},\"thumbnailUrl\":\"https:\/\/dev.platform24.com\/wp-content\/uploads\/2023\/12\/sara-dannborg.webp\",\"datePublished\":\"2020-04-01T12:57:00+00:00\",\"dateModified\":\"2023-12-21T13:00:31+00:00\",\"author\":{\"@id\":\"https:\/\/dev.platform24.com\/sv\/#\/schema\/person\/763b082f0374dad0a0615e554208d1c0\"},\"breadcrumb\":{\"@id\":\"https:\/\/dev.platform24.com\/sv\/blog\/2020\/04\/01\/digital-halsa-regioner-patagligt-avlastade-av-digital-coronamottagning\/#breadcrumb\"},\"inLanguage\":\"sv-SE\",\"potentialAction\":[{\"@type\":\"ReadAction\",\"target\":[\"https:\/\/dev.platform24.com\/sv\/blog\/2020\/04\/01\/digital-halsa-regioner-patagligt-avlastade-av-digital-coronamottagning\/\"]}]},{\"@type\":\"ImageObject\",\"inLanguage\":\"sv-SE\",\"@id\":\"https:\/\/dev.platform24.com\/sv\/blog\/2020\/04\/01\/digital-halsa-regioner-patagligt-avlastade-av-digital-coronamottagning\/#primaryimage\",\"url\":\"https:\/\/dev.platform24.com\/wp-content\/uploads\/2023\/12\/sara-dannborg.webp\",\"contentUrl\":\"https:\/\/dev.platform24.com\/wp-content\/uploads\/2023\/12\/sara-dannborg.webp\",\"width\":2048,\"height\":1367},{\"@type\":\"BreadcrumbList\",\"@id\":\"https:\/\/dev.platform24.com\/sv\/blog\/2020\/04\/01\/digital-halsa-regioner-patagligt-avlastade-av-digital-coronamottagning\/#breadcrumb\",\"itemListElement\":[{\"@type\":\"ListItem\",\"position\":1,\"name\":\"Home\",\"item\":\"https:\/\/dev.platform24.com\/sv\/\"},{\"@type\":\"ListItem\",\"position\":2,\"name\":\"Digital H\u00e4lsa: Regioner \u201dp\u00e5tagligt\u201d avlastade av digital coronamottagning\"}]},{\"@type\":\"WebSite\",\"@id\":\"https:\/\/dev.platform24.com\/sv\/#website\",\"url\":\"https:\/\/dev.platform24.com\/sv\/\",\"name\":\"Platform24\",\"description\":\"Modular healthtech for seamless care\",\"potentialAction\":[{\"@type\":\"SearchAction\",\"target\":{\"@type\":\"EntryPoint\",\"urlTemplate\":\"https:\/\/dev.platform24.com\/sv\/?s={search_term_string}\"},\"query-input\":\"required name=search_term_string\"}],\"inLanguage\":\"sv-SE\"},{\"@type\":\"Person\",\"@id\":\"https:\/\/dev.platform24.com\/sv\/#\/schema\/person\/763b082f0374dad0a0615e554208d1c0\",\"name\":\"jonashornblad\",\"image\":{\"@type\":\"ImageObject\",\"inLanguage\":\"sv-SE\",\"@id\":\"https:\/\/dev.platform24.com\/sv\/#\/schema\/person\/image\/\",\"url\":\"https:\/\/secure.gravatar.com\/avatar\/e3ee7f5a06e6b0eafec1be1b77e11cd82ad17f0fa01336f132450da089f67b7d?s=96&d=mm&r=g\",\"contentUrl\":\"https:\/\/secure.gravatar.com\/avatar\/e3ee7f5a06e6b0eafec1be1b77e11cd82ad17f0fa01336f132450da089f67b7d?s=96&d=mm&r=g\",\"caption\":\"jonashornblad\"},\"sameAs\":[\"https:\/\/dev.platform24.com\"],\"url\":\"https:\/\/dev.platform24.com\/sv\/blog\/author\/jonashornblad\/\"}]}<\/script>\n<!-- \/ Yoast SEO plugin. -->","yoast_head_json":{"title":"Digital H\u00e4lsa: Regioner \u201dp\u00e5tagligt\u201d avlastade av digital coronamottagning - Platform24","robots":{"index":"noindex","follow":"follow","max-snippet":"max-snippet:-1","max-image-preview":"max-image-preview:large","max-video-preview":"max-video-preview:-1"},"og_locale":"sv_SE","og_type":"article","og_title":"Digital H\u00e4lsa: Regioner \u201dp\u00e5tagligt\u201d avlastade av digital coronamottagning - Platform24","og_description":"Digital H\u00e4lsa skriver om tidiga resultat f\u00f6r v\u00e5r coronamottagning: Platform24 har analyserat datan fr\u00e5n de f\u00f6rsta veckornas anv\u00e4ndning av den l\u00f6sning f\u00f6r triagering av patienter med befarade coronasymtom som h\u00e4lsoteknikf\u00f6retaget levererat till h\u00e4lso- och sjukv\u00e5rden i de tre regionerna Norrbotten, G\u00e4vleborg och J\u00e4mtland H\u00e4rjedalen.","og_url":"https:\/\/dev.platform24.com\/sv\/blog\/2020\/04\/01\/digital-halsa-regioner-patagligt-avlastade-av-digital-coronamottagning\/","og_site_name":"Platform24","article_published_time":"2020-04-01T12:57:00+00:00","article_modified_time":"2023-12-21T13:00:31+00:00","og_image":[{"width":2048,"height":1367,"url":"https:\/\/dev.platform24.com\/wp-content\/uploads\/2023\/12\/sara-dannborg.webp","type":"image\/webp"}],"author":"jonashornblad","twitter_card":"summary_large_image","twitter_misc":{"Skriven av":"jonashornblad","Ber\u00e4knad l\u00e4stid":"2 minuter"},"schema":{"@context":"https:\/\/schema.org","@graph":[{"@type":"WebPage","@id":"https:\/\/dev.platform24.com\/sv\/blog\/2020\/04\/01\/digital-halsa-regioner-patagligt-avlastade-av-digital-coronamottagning\/","url":"https:\/\/dev.platform24.com\/sv\/blog\/2020\/04\/01\/digital-halsa-regioner-patagligt-avlastade-av-digital-coronamottagning\/","name":"Digital H\u00e4lsa: Regioner \u201dp\u00e5tagligt\u201d avlastade av digital coronamottagning - Platform24","isPartOf":{"@id":"https:\/\/dev.platform24.com\/sv\/#website"},"primaryImageOfPage":{"@id":"https:\/\/dev.platform24.com\/sv\/blog\/2020\/04\/01\/digital-halsa-regioner-patagligt-avlastade-av-digital-coronamottagning\/#primaryimage"},"image":{"@id":"https:\/\/dev.platform24.com\/sv\/blog\/2020\/04\/01\/digital-halsa-regioner-patagligt-avlastade-av-digital-coronamottagning\/#primaryimage"},"thumbnailUrl":"https:\/\/dev.platform24.com\/wp-content\/uploads\/2023\/12\/sara-dannborg.webp","datePublished":"2020-04-01T12:57:00+00:00","dateModified":"2023-12-21T13:00:31+00:00","author":{"@id":"https:\/\/dev.platform24.com\/sv\/#\/schema\/person\/763b082f0374dad0a0615e554208d1c0"},"breadcrumb":{"@id":"https:\/\/dev.platform24.com\/sv\/blog\/2020\/04\/01\/digital-halsa-regioner-patagligt-avlastade-av-digital-coronamottagning\/#breadcrumb"},"inLanguage":"sv-SE","potentialAction":[{"@type":"ReadAction","target":["https:\/\/dev.platform24.com\/sv\/blog\/2020\/04\/01\/digital-halsa-regioner-patagligt-avlastade-av-digital-coronamottagning\/"]}]},{"@type":"ImageObject","inLanguage":"sv-SE","@id":"https:\/\/dev.platform24.com\/sv\/blog\/2020\/04\/01\/digital-halsa-regioner-patagligt-avlastade-av-digital-coronamottagning\/#primaryimage","url":"https:\/\/dev.platform24.com\/wp-content\/uploads\/2023\/12\/sara-dannborg.webp","contentUrl":"https:\/\/dev.platform24.com\/wp-content\/uploads\/2023\/12\/sara-dannborg.webp","width":2048,"height":1367},{"@type":"BreadcrumbList","@id":"https:\/\/dev.platform24.com\/sv\/blog\/2020\/04\/01\/digital-halsa-regioner-patagligt-avlastade-av-digital-coronamottagning\/#breadcrumb","itemListElement":[{"@type":"ListItem","position":1,"name":"Home","item":"https:\/\/dev.platform24.com\/sv\/"},{"@type":"ListItem","position":2,"name":"Digital H\u00e4lsa: Regioner \u201dp\u00e5tagligt\u201d avlastade av digital coronamottagning"}]},{"@type":"WebSite","@id":"https:\/\/dev.platform24.com\/sv\/#website","url":"https:\/\/dev.platform24.com\/sv\/","name":"Platform24","description":"Modular healthtech for seamless care","potentialAction":[{"@type":"SearchAction","target":{"@type":"EntryPoint","urlTemplate":"https:\/\/dev.platform24.com\/sv\/?s={search_term_string}"},"query-input":"required name=search_term_string"}],"inLanguage":"sv-SE"},{"@type":"Person","@id":"https:\/\/dev.platform24.com\/sv\/#\/schema\/person\/763b082f0374dad0a0615e554208d1c0","name":"jonashornblad","image":{"@type":"ImageObject","inLanguage":"sv-SE","@id":"https:\/\/dev.platform24.com\/sv\/#\/schema\/person\/image\/","url":"https:\/\/secure.gravatar.com\/avatar\/e3ee7f5a06e6b0eafec1be1b77e11cd82ad17f0fa01336f132450da089f67b7d?s=96&d=mm&r=g","contentUrl":"https:\/\/secure.gravatar.com\/avatar\/e3ee7f5a06e6b0eafec1be1b77e11cd82ad17f0fa01336f132450da089f67b7d?s=96&d=mm&r=g","caption":"jonashornblad"},"sameAs":["https:\/\/dev.platform24.com"],"url":"https:\/\/dev.platform24.com\/sv\/blog\/author\/jonashornblad\/"}]}},"_links":{"self":[{"href":"https:\/\/dev.platform24.com\/sv\/wp-json\/wp\/v2\/posts\/11729","targetHints":{"allow":["GET"]}}],"collection":[{"href":"https:\/\/dev.platform24.com\/sv\/wp-json\/wp\/v2\/posts"}],"about":[{"href":"https:\/\/dev.platform24.com\/sv\/wp-json\/wp\/v2\/types\/post"}],"author":[{"embeddable":true,"href":"https:\/\/dev.platform24.com\/sv\/wp-json\/wp\/v2\/users\/1"}],"replies":[{"embeddable":true,"href":"https:\/\/dev.platform24.com\/sv\/wp-json\/wp\/v2\/comments?post=11729"}],"version-history":[{"count":2,"href":"https:\/\/dev.platform24.com\/sv\/wp-json\/wp\/v2\/posts\/11729\/revisions"}],"predecessor-version":[{"id":11733,"href":"https:\/\/dev.platform24.com\/sv\/wp-json\/wp\/v2\/posts\/11729\/revisions\/11733"}],"wp:featuredmedia":[{"embeddable":true,"href":"https:\/\/dev.platform24.com\/sv\/wp-json\/wp\/v2\/media\/11730"}],"wp:attachment":[{"href":"https:\/\/dev.platform24.com\/sv\/wp-json\/wp\/v2\/media?parent=11729"}],"wp:term":[{"taxonomy":"category","embeddable":true,"href":"https:\/\/dev.platform24.com\/sv\/wp-json\/wp\/v2\/categories?post=11729"},{"taxonomy":"post_tag","embeddable":true,"href":"https:\/\/dev.platform24.com\/sv\/wp-json\/wp\/v2\/tags?post=11729"}],"curies":[{"name":"wp","href":"https:\/\/api.w.org\/{rel}","templated":true}]}}