{"id":11744,"date":"2020-03-24T13:08:00","date_gmt":"2020-03-24T13:08:00","guid":{"rendered":"https:\/\/dev.platform24.com\/?p=11744"},"modified":"2023-12-21T13:10:55","modified_gmt":"2023-12-21T13:10:55","slug":"op-coronautbrott-snabbade-pa-digitala-halsocentraler","status":"publish","type":"post","link":"https:\/\/dev.platform24.com\/sv\/blog\/2020\/03\/24\/op-coronautbrott-snabbade-pa-digitala-halsocentraler\/","title":{"rendered":"\u00d6P: \u201dCoronautbrott snabbade p\u00e5 digitala h\u00e4lsocentraler\u201d"},"content":{"rendered":"\n<p id=\"viewer-fs0e4\"> From \u00d6P 2020-03-24:<\/p>\n\n\n\n<p>\u201dSpridningen av coronaviruset har p\u00e5skyndat m\u00f6jligheterna f\u00f6r l\u00e4nsborna att f\u00e5 digital hj\u00e4lp fr\u00e5n h\u00e4lsocentralerna. Prim\u00e4rv\u00e5rdsn\u00e4mnden Anna Granev\u00e4rn ser detta som en n\u00f6dv\u00e4ndig \u00e5tg\u00e4rd i en extrem situation.<\/p>\n\n\n\n<p>\u2013 Det \u00e4r otroligt viktigt att folk v\u00e5gar s\u00f6ka v\u00e5rd n\u00e4r de beh\u00f6ver den och de senaste veckorna har vi sett att allt fler avbokar inbokade bes\u00f6k av r\u00e4dsla f\u00f6r att bli sjuka, s\u00e4ger hon.<\/p>\n\n\n\n<p>F\u00f6r n\u00e5gra veckor sedan rapporterade \u00d6P om pilotprojekt i l\u00e4net som skulle \u00f6ka medborgares tillg\u00e4nglighet till v\u00e5rd med hj\u00e4lp av digitala verktyg. Dessa skulle testas p\u00e5 olika platser och p\u00e5 lite olika s\u00e4tt beroende p\u00e5 hur situationen s\u00e5g ut i till exempel Sveg, Str\u00f6msund eller Fr\u00f6s\u00f6n och centrala \u00d6stersund. Sedan kom utbrottet av det nya coronaviruset som numera klassas som en pandemi. En global farsot.<\/p>\n\n\n\n<p>I m\u00e5ndags b\u00f6rjade man l\u00e5sa h\u00e4lsocentralernas d\u00f6rrar. Fr\u00e5n och med i dag, 19 mars, kan alla som bor i J\u00e4mtlands l\u00e4n f\u00e5 kontakt med en distriktssjuksk\u00f6terska via 1177 med hj\u00e4lp av sitt bank-id.<\/p>\n\n\n\n<p>\u2013 Det har g\u00e5tt otroligt fort. F\u00f6r en vecka sedan fick jag i uppdrag att skapa ett snabbsp\u00e5r f\u00f6r en digital kanal tillg\u00e4nglig f\u00f6r alla medborgare, s\u00e4ger Anna Granev\u00e4rn.\u201d<\/p>\n\n\n\n<p><a href=\"https:\/\/www.op.se\/artikel\/coronaviruset-snabbade-pa-lanseringen-av-digitala-halsocentraler-har-gatt-otroligt-fort\"><u>L\u00e4s hela artikeln<\/u><\/a><\/p>\n","protected":false},"excerpt":{"rendered":"<p>Spridningen av coronaviruset har p\u00e5skyndat m\u00f6jligheterna f\u00f6r l\u00e4nsborna att f\u00e5 digital hj\u00e4lp fr\u00e5n h\u00e4lsocentralerna.<\/p>\n","protected":false},"author":1,"featured_media":11745,"comment_status":"closed","ping_status":"open","sticky":false,"template":"","format":"standard","meta":{"_acf_changed":false,"_coblocks_attr":"","_coblocks_dimensions":"","_coblocks_responsive_height":"","_coblocks_accordion_ie_support":"","_EventAllDay":false,"_EventTimezone":"","_EventStartDate":"","_EventEndDate":"","_EventStartDateUTC":"","_EventEndDateUTC":"","_EventShowMap":false,"_EventShowMapLink":false,"_EventURL":"","_EventCost":"","_EventCostDescription":"","_EventCurrencySymbol":"","_EventCurrencyCode":"","_EventCurrencyPosition":"","_EventDateTimeSeparator":"","_EventTimeRangeSeparator":"","_EventOrganizerID":[],"_EventVenueID":[],"_OrganizerEmail":"","_OrganizerPhone":"","_OrganizerWebsite":"","_VenueAddress":"","_VenueCity":"","_VenueCountry":"","_VenueProvince":"","_VenueState":"","_VenueZip":"","_VenuePhone":"","_VenueURL":"","_VenueStateProvince":"","_VenueLat":"","_VenueLng":"","_VenueShowMap":false,"_VenueShowMapLink":false,"footnotes":""},"categories":[65],"tags":[176],"class_list":["post-11744","post","type-post","status-publish","format-standard","has-post-thumbnail","hentry","category-okategoriserad","tag-i-media"],"acf":[],"yoast_head":"<!-- This site is optimized with the Yoast SEO plugin v23.0 - https:\/\/yoast.com\/wordpress\/plugins\/seo\/ -->\n<title>\u00d6P: \u201dCoronautbrott snabbade p\u00e5 digitala h\u00e4lsocentraler\u201d - Platform24<\/title>\n<meta name=\"robots\" content=\"noindex, follow, max-snippet:-1, max-image-preview:large, max-video-preview:-1\" \/>\n<meta property=\"og:locale\" content=\"sv_SE\" \/>\n<meta property=\"og:type\" content=\"article\" \/>\n<meta property=\"og:title\" content=\"\u00d6P: \u201dCoronautbrott snabbade p\u00e5 digitala h\u00e4lsocentraler\u201d - Platform24\" \/>\n<meta property=\"og:description\" content=\"Spridningen av coronaviruset har p\u00e5skyndat m\u00f6jligheterna f\u00f6r l\u00e4nsborna att f\u00e5 digital hj\u00e4lp fr\u00e5n h\u00e4lsocentralerna.\" \/>\n<meta property=\"og:url\" content=\"https:\/\/dev.platform24.com\/sv\/blog\/2020\/03\/24\/op-coronautbrott-snabbade-pa-digitala-halsocentraler\/\" \/>\n<meta property=\"og:site_name\" content=\"Platform24\" \/>\n<meta property=\"article:published_time\" content=\"2020-03-24T13:08:00+00:00\" \/>\n<meta property=\"article:modified_time\" content=\"2023-12-21T13:10:55+00:00\" \/>\n<meta property=\"og:image\" content=\"https:\/\/dev.platform24.com\/wp-content\/uploads\/2023\/12\/skarmavbild-2020-07-06-kl-112432.webp\" \/>\n\t<meta property=\"og:image:width\" content=\"726\" \/>\n\t<meta property=\"og:image:height\" content=\"454\" \/>\n\t<meta property=\"og:image:type\" content=\"image\/webp\" \/>\n<meta name=\"author\" content=\"jonashornblad\" \/>\n<meta name=\"twitter:card\" content=\"summary_large_image\" \/>\n<meta name=\"twitter:label1\" content=\"Skriven av\" \/>\n\t<meta name=\"twitter:data1\" content=\"jonashornblad\" \/>\n\t<meta name=\"twitter:label2\" content=\"Ber\u00e4knad l\u00e4stid\" \/>\n\t<meta name=\"twitter:data2\" content=\"2 minuter\" \/>\n<script type=\"application\/ld+json\" class=\"yoast-schema-graph\">{\"@context\":\"https:\/\/schema.org\",\"@graph\":[{\"@type\":\"WebPage\",\"@id\":\"https:\/\/dev.platform24.com\/sv\/blog\/2020\/03\/24\/op-coronautbrott-snabbade-pa-digitala-halsocentraler\/\",\"url\":\"https:\/\/dev.platform24.com\/sv\/blog\/2020\/03\/24\/op-coronautbrott-snabbade-pa-digitala-halsocentraler\/\",\"name\":\"\u00d6P: \u201dCoronautbrott snabbade p\u00e5 digitala h\u00e4lsocentraler\u201d - Platform24\",\"isPartOf\":{\"@id\":\"https:\/\/dev.platform24.com\/sv\/#website\"},\"primaryImageOfPage\":{\"@id\":\"https:\/\/dev.platform24.com\/sv\/blog\/2020\/03\/24\/op-coronautbrott-snabbade-pa-digitala-halsocentraler\/#primaryimage\"},\"image\":{\"@id\":\"https:\/\/dev.platform24.com\/sv\/blog\/2020\/03\/24\/op-coronautbrott-snabbade-pa-digitala-halsocentraler\/#primaryimage\"},\"thumbnailUrl\":\"https:\/\/dev.platform24.com\/wp-content\/uploads\/2023\/12\/skarmavbild-2020-07-06-kl-112432.webp\",\"datePublished\":\"2020-03-24T13:08:00+00:00\",\"dateModified\":\"2023-12-21T13:10:55+00:00\",\"author\":{\"@id\":\"https:\/\/dev.platform24.com\/sv\/#\/schema\/person\/763b082f0374dad0a0615e554208d1c0\"},\"breadcrumb\":{\"@id\":\"https:\/\/dev.platform24.com\/sv\/blog\/2020\/03\/24\/op-coronautbrott-snabbade-pa-digitala-halsocentraler\/#breadcrumb\"},\"inLanguage\":\"sv-SE\",\"potentialAction\":[{\"@type\":\"ReadAction\",\"target\":[\"https:\/\/dev.platform24.com\/sv\/blog\/2020\/03\/24\/op-coronautbrott-snabbade-pa-digitala-halsocentraler\/\"]}]},{\"@type\":\"ImageObject\",\"inLanguage\":\"sv-SE\",\"@id\":\"https:\/\/dev.platform24.com\/sv\/blog\/2020\/03\/24\/op-coronautbrott-snabbade-pa-digitala-halsocentraler\/#primaryimage\",\"url\":\"https:\/\/dev.platform24.com\/wp-content\/uploads\/2023\/12\/skarmavbild-2020-07-06-kl-112432.webp\",\"contentUrl\":\"https:\/\/dev.platform24.com\/wp-content\/uploads\/2023\/12\/skarmavbild-2020-07-06-kl-112432.webp\",\"width\":726,\"height\":454},{\"@type\":\"BreadcrumbList\",\"@id\":\"https:\/\/dev.platform24.com\/sv\/blog\/2020\/03\/24\/op-coronautbrott-snabbade-pa-digitala-halsocentraler\/#breadcrumb\",\"itemListElement\":[{\"@type\":\"ListItem\",\"position\":1,\"name\":\"Home\",\"item\":\"https:\/\/dev.platform24.com\/sv\/\"},{\"@type\":\"ListItem\",\"position\":2,\"name\":\"\u00d6P: \u201dCoronautbrott snabbade p\u00e5 digitala h\u00e4lsocentraler\u201d\"}]},{\"@type\":\"WebSite\",\"@id\":\"https:\/\/dev.platform24.com\/sv\/#website\",\"url\":\"https:\/\/dev.platform24.com\/sv\/\",\"name\":\"Platform24\",\"description\":\"Modular healthtech for seamless care\",\"potentialAction\":[{\"@type\":\"SearchAction\",\"target\":{\"@type\":\"EntryPoint\",\"urlTemplate\":\"https:\/\/dev.platform24.com\/sv\/?s={search_term_string}\"},\"query-input\":\"required name=search_term_string\"}],\"inLanguage\":\"sv-SE\"},{\"@type\":\"Person\",\"@id\":\"https:\/\/dev.platform24.com\/sv\/#\/schema\/person\/763b082f0374dad0a0615e554208d1c0\",\"name\":\"jonashornblad\",\"image\":{\"@type\":\"ImageObject\",\"inLanguage\":\"sv-SE\",\"@id\":\"https:\/\/dev.platform24.com\/sv\/#\/schema\/person\/image\/\",\"url\":\"https:\/\/secure.gravatar.com\/avatar\/e3ee7f5a06e6b0eafec1be1b77e11cd82ad17f0fa01336f132450da089f67b7d?s=96&d=mm&r=g\",\"contentUrl\":\"https:\/\/secure.gravatar.com\/avatar\/e3ee7f5a06e6b0eafec1be1b77e11cd82ad17f0fa01336f132450da089f67b7d?s=96&d=mm&r=g\",\"caption\":\"jonashornblad\"},\"sameAs\":[\"https:\/\/dev.platform24.com\"],\"url\":\"https:\/\/dev.platform24.com\/sv\/blog\/author\/jonashornblad\/\"}]}<\/script>\n<!-- \/ Yoast SEO plugin. -->","yoast_head_json":{"title":"\u00d6P: \u201dCoronautbrott snabbade p\u00e5 digitala h\u00e4lsocentraler\u201d - Platform24","robots":{"index":"noindex","follow":"follow","max-snippet":"max-snippet:-1","max-image-preview":"max-image-preview:large","max-video-preview":"max-video-preview:-1"},"og_locale":"sv_SE","og_type":"article","og_title":"\u00d6P: \u201dCoronautbrott snabbade p\u00e5 digitala h\u00e4lsocentraler\u201d - Platform24","og_description":"Spridningen av coronaviruset har p\u00e5skyndat m\u00f6jligheterna f\u00f6r l\u00e4nsborna att f\u00e5 digital hj\u00e4lp fr\u00e5n h\u00e4lsocentralerna.","og_url":"https:\/\/dev.platform24.com\/sv\/blog\/2020\/03\/24\/op-coronautbrott-snabbade-pa-digitala-halsocentraler\/","og_site_name":"Platform24","article_published_time":"2020-03-24T13:08:00+00:00","article_modified_time":"2023-12-21T13:10:55+00:00","og_image":[{"width":726,"height":454,"url":"https:\/\/dev.platform24.com\/wp-content\/uploads\/2023\/12\/skarmavbild-2020-07-06-kl-112432.webp","type":"image\/webp"}],"author":"jonashornblad","twitter_card":"summary_large_image","twitter_misc":{"Skriven av":"jonashornblad","Ber\u00e4knad l\u00e4stid":"2 minuter"},"schema":{"@context":"https:\/\/schema.org","@graph":[{"@type":"WebPage","@id":"https:\/\/dev.platform24.com\/sv\/blog\/2020\/03\/24\/op-coronautbrott-snabbade-pa-digitala-halsocentraler\/","url":"https:\/\/dev.platform24.com\/sv\/blog\/2020\/03\/24\/op-coronautbrott-snabbade-pa-digitala-halsocentraler\/","name":"\u00d6P: \u201dCoronautbrott snabbade p\u00e5 digitala h\u00e4lsocentraler\u201d - Platform24","isPartOf":{"@id":"https:\/\/dev.platform24.com\/sv\/#website"},"primaryImageOfPage":{"@id":"https:\/\/dev.platform24.com\/sv\/blog\/2020\/03\/24\/op-coronautbrott-snabbade-pa-digitala-halsocentraler\/#primaryimage"},"image":{"@id":"https:\/\/dev.platform24.com\/sv\/blog\/2020\/03\/24\/op-coronautbrott-snabbade-pa-digitala-halsocentraler\/#primaryimage"},"thumbnailUrl":"https:\/\/dev.platform24.com\/wp-content\/uploads\/2023\/12\/skarmavbild-2020-07-06-kl-112432.webp","datePublished":"2020-03-24T13:08:00+00:00","dateModified":"2023-12-21T13:10:55+00:00","author":{"@id":"https:\/\/dev.platform24.com\/sv\/#\/schema\/person\/763b082f0374dad0a0615e554208d1c0"},"breadcrumb":{"@id":"https:\/\/dev.platform24.com\/sv\/blog\/2020\/03\/24\/op-coronautbrott-snabbade-pa-digitala-halsocentraler\/#breadcrumb"},"inLanguage":"sv-SE","potentialAction":[{"@type":"ReadAction","target":["https:\/\/dev.platform24.com\/sv\/blog\/2020\/03\/24\/op-coronautbrott-snabbade-pa-digitala-halsocentraler\/"]}]},{"@type":"ImageObject","inLanguage":"sv-SE","@id":"https:\/\/dev.platform24.com\/sv\/blog\/2020\/03\/24\/op-coronautbrott-snabbade-pa-digitala-halsocentraler\/#primaryimage","url":"https:\/\/dev.platform24.com\/wp-content\/uploads\/2023\/12\/skarmavbild-2020-07-06-kl-112432.webp","contentUrl":"https:\/\/dev.platform24.com\/wp-content\/uploads\/2023\/12\/skarmavbild-2020-07-06-kl-112432.webp","width":726,"height":454},{"@type":"BreadcrumbList","@id":"https:\/\/dev.platform24.com\/sv\/blog\/2020\/03\/24\/op-coronautbrott-snabbade-pa-digitala-halsocentraler\/#breadcrumb","itemListElement":[{"@type":"ListItem","position":1,"name":"Home","item":"https:\/\/dev.platform24.com\/sv\/"},{"@type":"ListItem","position":2,"name":"\u00d6P: \u201dCoronautbrott snabbade p\u00e5 digitala h\u00e4lsocentraler\u201d"}]},{"@type":"WebSite","@id":"https:\/\/dev.platform24.com\/sv\/#website","url":"https:\/\/dev.platform24.com\/sv\/","name":"Platform24","description":"Modular healthtech for seamless care","potentialAction":[{"@type":"SearchAction","target":{"@type":"EntryPoint","urlTemplate":"https:\/\/dev.platform24.com\/sv\/?s={search_term_string}"},"query-input":"required name=search_term_string"}],"inLanguage":"sv-SE"},{"@type":"Person","@id":"https:\/\/dev.platform24.com\/sv\/#\/schema\/person\/763b082f0374dad0a0615e554208d1c0","name":"jonashornblad","image":{"@type":"ImageObject","inLanguage":"sv-SE","@id":"https:\/\/dev.platform24.com\/sv\/#\/schema\/person\/image\/","url":"https:\/\/secure.gravatar.com\/avatar\/e3ee7f5a06e6b0eafec1be1b77e11cd82ad17f0fa01336f132450da089f67b7d?s=96&d=mm&r=g","contentUrl":"https:\/\/secure.gravatar.com\/avatar\/e3ee7f5a06e6b0eafec1be1b77e11cd82ad17f0fa01336f132450da089f67b7d?s=96&d=mm&r=g","caption":"jonashornblad"},"sameAs":["https:\/\/dev.platform24.com"],"url":"https:\/\/dev.platform24.com\/sv\/blog\/author\/jonashornblad\/"}]}},"_links":{"self":[{"href":"https:\/\/dev.platform24.com\/sv\/wp-json\/wp\/v2\/posts\/11744","targetHints":{"allow":["GET"]}}],"collection":[{"href":"https:\/\/dev.platform24.com\/sv\/wp-json\/wp\/v2\/posts"}],"about":[{"href":"https:\/\/dev.platform24.com\/sv\/wp-json\/wp\/v2\/types\/post"}],"author":[{"embeddable":true,"href":"https:\/\/dev.platform24.com\/sv\/wp-json\/wp\/v2\/users\/1"}],"replies":[{"embeddable":true,"href":"https:\/\/dev.platform24.com\/sv\/wp-json\/wp\/v2\/comments?post=11744"}],"version-history":[{"count":2,"href":"https:\/\/dev.platform24.com\/sv\/wp-json\/wp\/v2\/posts\/11744\/revisions"}],"predecessor-version":[{"id":11748,"href":"https:\/\/dev.platform24.com\/sv\/wp-json\/wp\/v2\/posts\/11744\/revisions\/11748"}],"wp:featuredmedia":[{"embeddable":true,"href":"https:\/\/dev.platform24.com\/sv\/wp-json\/wp\/v2\/media\/11745"}],"wp:attachment":[{"href":"https:\/\/dev.platform24.com\/sv\/wp-json\/wp\/v2\/media?parent=11744"}],"wp:term":[{"taxonomy":"category","embeddable":true,"href":"https:\/\/dev.platform24.com\/sv\/wp-json\/wp\/v2\/categories?post=11744"},{"taxonomy":"post_tag","embeddable":true,"href":"https:\/\/dev.platform24.com\/sv\/wp-json\/wp\/v2\/tags?post=11744"}],"curies":[{"name":"wp","href":"https:\/\/api.w.org\/{rel}","templated":true}]}}